{"id":879,"date":"2013-01-12T00:29:10","date_gmt":"2013-01-11T23:29:10","guid":{"rendered":"https:\/\/musikdrucke.iaml-deutschland.info\/?p=879"},"modified":"2019-06-27T14:09:05","modified_gmt":"2019-06-27T13:09:05","slug":"durrsche-buchhandlung-leipzig","status":"publish","type":"post","link":"https:\/\/musikdrucke.iaml-deutschland.info\/?p=879","title":{"rendered":"D\u00fcrr&#8217;sche Buchhandlung (Leipzig)"},"content":{"rendered":"<p>Verleger<\/p>\n<p>GND: <a href=\"http:\/\/d-nb.info\/gnd\/5129555-6\">5129555-6<\/a><\/p>\n<h1><a name=\"Inhaltsverzeichnis\"><\/a>Inhaltsverzeichnis<\/h1>\n<ol>\n<li><a href=\"#Geschichte\">Geschichte<\/a>\n<ol>\n<li><a href=\"#Eckdaten\">Eckdaten<\/a><\/li>\n<li><a href=\"#Wechsel_von_Eigentuemer\">Wechsel von Eigent\u00fcmer, Namensform, Rechtsform<\/a><\/li>\n<li><a href=\"#Adressen\">Adressen und Dependancen<\/a><\/li>\n<li><a href=\"#Zusammenarbeit_drucker\">Zusammenarbeit mit Druckern<\/a><\/li>\n<li><a href=\"#Verlagsuebernahmen\">Verlags\u00fcbernahmen<\/a><\/li>\n<li><a href=\"#Editionen\">Editionen des Verlages<\/a><\/li>\n<li><a href=\"#Kooperation_Verlag\">Kooperation mit anderen Verlagen<\/a><\/li>\n<li><a href=\"#Sonstiges\">Sonstiges<\/a><\/li>\n<\/ol>\n<\/li>\n<li><a href=\"#verwendete_Primaerquellen\">Verwendete Prim\u00e4rquellen<\/a><\/li>\n<li><a href=\"#Ausgabengestaltung\">Charakteristika der Ausgabengestaltung<\/a><\/li>\n<li><a href=\"#Plattennummern\">Plattennummern<\/a><\/li>\n<li><a href=\"#Kontakt\">Kontakt<\/a><\/li>\n<\/ol>\n<h1 id=\"Geschichte\"><a name=\"Geschichte\"><\/a>1. Geschichte <a href=\"#Inhaltsverzeichnis\">\u2191<\/a><\/h1>\n<p>Angaben nach: <a href=\"#verwendete_Primaerquellen\">Verwendete Prim\u00e4rquellen<\/a> (falls nicht anders vermerkt)<\/p>\n<h2><a name=\"Eckdaten\"><\/a>1.1 Eckdaten <a href=\"#Inhaltsverzeichnis\">\u2191<\/a><\/h2>\n<table style=\"width: 100%;\" border=\"0\">\n<tbody>\n<tr>\n<td style=\"width: 27%;\"><strong>Datum<\/strong><\/td>\n<td style=\"width: 73%;\"><strong>Ereignis<\/strong><\/td>\n<\/tr>\n<tr>\n<td>07. Mai 1652<\/td>\n<td>Gr\u00fcndung der Firma durch Christoph Cellarius (<a href=\"#verwendete_Primaerquellen\">B\u00f6rsenverein der Deutschen Buchh\u00e4ndler zu Leipzig (I)<\/a>)<\/td>\n<\/tr>\n<tr>\n<td>August\/September 1948<\/td>\n<td>Streichung aus dem Handelsregister Leipzig und Verlegung des Sitzes der Handelsniederlassung nach Nahrendorf im Landkreis L\u00fcneburg<\/td>\n<\/tr>\n<\/tbody>\n<\/table>\n<h2><a name=\"Wechsel_von_Eigentuemer\"><\/a>1.2 Wechsel von Eigent\u00fcmer, Namensform, Rechtsform <a href=\"#Inhaltsverzeichnis\">\u2191<\/a><\/h2>\n<table style=\"width: 100%;\" border=\"0\">\n<tbody>\n<tr>\n<td style=\"width: 27%;\"><strong>Datum<\/strong><\/td>\n<td style=\"width: 73%;\"><strong>Ereignis<\/strong><\/td>\n<\/tr>\n<tr>\n<td>07. Mai 1652<\/td>\n<td>Christoph Cellarius ist Inhaber (<a href=\"#verwendete_Primaerquellen\">B\u00f6rsenverein der Deutschen Buchh\u00e4ndler zu Leipzig (I)<\/a>)<\/td>\n<\/tr>\n<tr>\n<td>1731<\/td>\n<td>Friedrich K\u00f6hl wird Inhaber (<a href=\"?page_id=24\/a#Herrmann_1931\">Herrmann 1931<\/a>)<\/td>\n<\/tr>\n<tr>\n<td>1771<\/td>\n<td>Christian Philipp D\u00fcrr wird Inhaber (<a href=\"?page_id=24\/a#Lange_1938\">Lange 1938<\/a>)<\/td>\n<\/tr>\n<tr>\n<td>1811<\/td>\n<td>Wilhelm Staritz gab dem Unternehmen den Namen D\u00fcrr&#8217;sche Buchhandlung (<a href=\"?page_id=24\/a#Lange_1938\">Lange 1938<\/a>)<\/td>\n<\/tr>\n<tr>\n<td>1852<\/td>\n<td>Alexander Edelmann wird Inhaber (<a href=\"?page_id=24\/a#Lange_1938\">Lange 1938<\/a>)<\/td>\n<\/tr>\n<tr>\n<td>1878<\/td>\n<td>Otto Friedrich D\u00fcrr wird alleiniger Inhaber (<a href=\"?page_id=24\/a#Lange_1938\">Lange 1938<\/a>)<\/td>\n<\/tr>\n<tr>\n<td>1905<\/td>\n<td>Johannes Friedrich D\u00fcrr (der \u00c4ltere) wird alleiniger Inhaber (<a href=\"?page_id=24\/a#Duerr_1931\">D\u00fcrr 1931<\/a>)<\/td>\n<\/tr>\n<tr>\n<td>1910<\/td>\n<td>Curt Hau\u00dfmann erh\u00e4lt Prokura (<a href=\"?page_id=24\/a#Duerr_1931\">D\u00fcrr 1931<\/a>)<\/td>\n<\/tr>\n<tr>\n<td>1912<\/td>\n<td>Else D\u00fcrr wird Alleininhaberin<br \/>\nCurt Hau\u00dfmann wird mit Weiterf\u00fchrung des Verlags beauftragt (<a href=\"?page_id=24\/a#Duerr_1931\">D\u00fcrr 1931<\/a>)<\/td>\n<\/tr>\n<tr>\n<td>01. Oktober 1918<\/td>\n<td>Beginn der Firma &#8222;D\u00fcrr&#8217;sche Buchhandlung&#8220; als offene Gesellschaft in Leipzig<\/td>\n<\/tr>\n<tr>\n<td>1919<\/td>\n<td>Johannes Friedrich D\u00fcrr (der J\u00fcngere) tritt die Leitung an (<a href=\"?page_id=24\/a#Duerr_1931\">D\u00fcrr 1931<\/a>)<\/td>\n<\/tr>\n<tr>\n<td>1938<\/td>\n<td>Offene Gesellschaft mit Elisabeth Pauline Bertha D\u00fcrr, geb. Gontard und dem Verlagsbuchh\u00e4ndler Johannes Friedrich Andreas Adolph Otto D\u00fcrr als Gesellschafter<br \/>\nEinzelprokurist ist Curt Joseph Hau\u00dfmann, Gesamtprokuristin ist Alma Hedwig Hamann und Margarethe Martha Elsa Heise<\/td>\n<\/tr>\n<tr>\n<td>Juli 1939<\/td>\n<td>Einzelprokurist ist Max K\u00f6nigsheim<\/td>\n<\/tr>\n<tr>\n<td>September 1945<\/td>\n<td>Die offene Handelsgesellschaft ist aufgel\u00f6st<br \/>\nJohannes Friedrich Andreas Adolph Otto D\u00fcrr ist Alleininhaber<br \/>\nProkura ist Marina vhl. D\u00fcrr, geb. Cramer und Margarethe Martha Elsa Heise erteilt<\/td>\n<\/tr>\n<tr>\n<td>1947<\/td>\n<td>Die Firma wird an den Hofrat Horst Weber verkauft<br \/>\nDie Firmen &#8222;D\u00fcrr&#8217;sche Buchhandlung&#8220; und &#8222;Hegel &amp; Schade&#8220; werden in die Firma <a href=\"?p=877\">D\u00fcrr &amp; Weber<\/a> aufgenommen (<a href=\"#verwendete_Primaerquellen\">B\u00f6rsenverein der Deutschen Buchh\u00e4ndler zu Leipzig (I)<\/a>)<\/td>\n<\/tr>\n<tr>\n<td>1948<\/td>\n<td>Inhaber ist Johannes Friedrich D\u00fcrr<br \/>\nProkura ist Martina D\u00fcrr erteilt (<a href=\"#verwendete_Primaerquellen\">B\u00f6rsenverein der Deutschen Buchh\u00e4ndler zu Leipzig (I)<\/a>)<\/td>\n<\/tr>\n<tr>\n<td>16. Mai 1957<\/td>\n<td>Johannes Friedrich D\u00fcrr verstirbt (<a href=\"#verwendete_Primaerquellen\">B\u00f6rsenverein der Deutschen Buchh\u00e4ndler zu Leipzig (I)<\/a>)<\/td>\n<\/tr>\n<\/tbody>\n<\/table>\n<h2 id=\"Adressen_und_Dependancen_\"><a name=\"Adressen\"><\/a>1.3 Adressen und Dependancen <a href=\"#Inhaltsverzeichnis\">\u2191<\/a><\/h2>\n<table style=\"width: 100%;\" border=\"0\">\n<tbody>\n<tr>\n<td style=\"width: 27%;\"><strong>Datum<\/strong><\/td>\n<td style=\"width: 73%;\"><strong>Ereignis<\/strong><\/td>\n<\/tr>\n<tr>\n<td>ca. 1944<\/td>\n<td>Umzug von Leipzig, Querstr. 14 in die Schichtstr. 2 (<a href=\"#verwendete_Primaerquellen\">B\u00f6rsenverein der Deutschen Buchh\u00e4ndler zu Leipzig (I)<\/a>)<\/td>\n<\/tr>\n<tr>\n<td>1946<\/td>\n<td>Leipzig C1, Gottschedstr. 8 (<a href=\"#verwendete_Primaerquellen\">B\u00f6rsenverein der Deutschen Buchh\u00e4ndler zu Leipzig (I)<\/a>)<\/td>\n<\/tr>\n<tr>\n<td>August\/September 1948<\/td>\n<td>Umzug von Leipzig nach Nahrendorf im Landkreis L\u00fcneburg<\/td>\n<\/tr>\n<tr>\n<td>Ende 1948<\/td>\n<td>Die Firma wird von Nahrendorf nach Bonn, Koblenzer Str. 134 verlegt (<a href=\"#verwendete_Primaerquellen\">B\u00f6rsenverein der Deutschen Buchh\u00e4ndler zu Leipzig (I)<\/a>)<\/td>\n<\/tr>\n<\/tbody>\n<\/table>\n<h2><a name=\"Zusammenarbeit_drucker\"><\/a>1.4 Zusammenarbeit mit Druckern <a href=\"#Inhaltsverzeichnis\">\u2191<\/a><\/h2>\n<h2 id=\"Verlags_bernahmen_\"><a name=\"Verlagsuebernahmen\"><\/a>1.5 Verlags\u00fcbernahmen <a href=\"#Inhaltsverzeichnis\">\u2191<\/a><\/h2>\n<h2 id=\"Editionen_des_Verlages_\"><a name=\"Editionen\"><\/a>1.6 Editionen des Verlages <a href=\"#Inhaltsverzeichnis\">\u2191<\/a><\/h2>\n<h2><a name=\"Kooperation_Verlag\"><\/a>1.7 Kooperation mit anderen Verlagen <a href=\"#Inhaltsverzeichnis\">\u2191<\/a><\/h2>\n<h2><a name=\"Sonstiges\"><\/a>1.8 Sonstiges <a href=\"#Inhaltsverzeichnis\">\u2191<\/a><\/h2>\n<ul>\n<li>Haupts\u00e4chliche Gesch\u00e4ftszweige: Verlag von Schulb\u00fcchern, P\u00e4dagogik und Jugendschriften (<a href=\"#verwendete_Primaerquellen\">B\u00f6rsenverein der Deutschen Buchh\u00e4ndler zu Leipzig (I)<\/a>)<\/li>\n<\/ul>\n<h1 id=\"Verwendete_Prim_rquellen_\"><a name=\"verwendete_Primaerquellen\"><\/a>2. Verwendete Prim\u00e4rquellen <a href=\"#Inhaltsverzeichnis\">\u2191<\/a><\/h1>\n<p>S\u00e4chsisches Staatsarchiv, Staatsarchiv Leipzig, 20124 Amtsgericht Leipzig, Handelsregisterakten HRA 165<\/p>\n<p>S\u00e4chsisches Staatsarchiv, Staatsarchiv Leipzig, 21765 B\u00f6rsenverein der Deutschen Buchh\u00e4ndler zu Leipzig (I), Nr. F 2206<\/p>\n<h1><a name=\"Ausgabengestaltung\"><\/a>3. Charakteristika der Ausgabengestaltung <a href=\"#Inhaltsverzeichnis\">\u2191<\/a><\/h1>\n<h1><a name=\"Plattennummern\"><\/a>4. Plattennummern <a href=\"#Inhaltsverzeichnis\">\u2191<\/a><\/h1>\n<h1><a name=\"Kontakt\"><\/a>5. Kontakt <a href=\"#Inhaltsverzeichnis\">\u2191<\/a><\/h1>\n","protected":false},"excerpt":{"rendered":"<p>Verleger GND: 5129555-6 Inhaltsverzeichnis Geschichte Eckdaten Wechsel von Eigent\u00fcmer, Namensform, Rechtsform Adressen und Dependancen Zusammenarbeit mit Druckern Verlags\u00fcbernahmen Editionen des Verlages Kooperation mit anderen Verlagen Sonstiges Verwendete Prim\u00e4rquellen Charakteristika der Ausgabengestaltung Plattennummern Kontakt 1. Geschichte \u2191 Angaben nach: Verwendete Prim\u00e4rquellen (falls nicht anders vermerkt) 1.1 Eckdaten \u2191 Datum Ereignis 07. Mai 1652 Gr\u00fcndung der Firma &hellip; <\/p>\n<p class=\"link-more\"><a href=\"https:\/\/musikdrucke.iaml-deutschland.info\/?p=879\" class=\"more-link\">Lies den gesamten Beitrag &rarr;<span class=\"screen-reader-text\">\u201eD\u00fcrr&#8217;sche Buchhandlung (Leipzig)\u201c<\/span><\/a><\/p>\n","protected":false},"author":3,"featured_media":0,"comment_status":"open","ping_status":"open","sticky":false,"template":"","format":"standard","meta":{"footnotes":""},"categories":[3],"tags":[28],"class_list":["post-879","post","type-post","status-publish","format-standard","hentry","category-leipzig","tag-leipzig"],"_links":{"self":[{"href":"https:\/\/musikdrucke.iaml-deutschland.info\/index.php?rest_route=\/wp\/v2\/posts\/879","targetHints":{"allow":["GET"]}}],"collection":[{"href":"https:\/\/musikdrucke.iaml-deutschland.info\/index.php?rest_route=\/wp\/v2\/posts"}],"about":[{"href":"https:\/\/musikdrucke.iaml-deutschland.info\/index.php?rest_route=\/wp\/v2\/types\/post"}],"author":[{"embeddable":true,"href":"https:\/\/musikdrucke.iaml-deutschland.info\/index.php?rest_route=\/wp\/v2\/users\/3"}],"replies":[{"embeddable":true,"href":"https:\/\/musikdrucke.iaml-deutschland.info\/index.php?rest_route=%2Fwp%2Fv2%2Fcomments&post=879"}],"version-history":[{"count":14,"href":"https:\/\/musikdrucke.iaml-deutschland.info\/index.php?rest_route=\/wp\/v2\/posts\/879\/revisions"}],"predecessor-version":[{"id":6179,"href":"https:\/\/musikdrucke.iaml-deutschland.info\/index.php?rest_route=\/wp\/v2\/posts\/879\/revisions\/6179"}],"wp:attachment":[{"href":"https:\/\/musikdrucke.iaml-deutschland.info\/index.php?rest_route=%2Fwp%2Fv2%2Fmedia&parent=879"}],"wp:term":[{"taxonomy":"category","embeddable":true,"href":"https:\/\/musikdrucke.iaml-deutschland.info\/index.php?rest_route=%2Fwp%2Fv2%2Fcategories&post=879"},{"taxonomy":"post_tag","embeddable":true,"href":"https:\/\/musikdrucke.iaml-deutschland.info\/index.php?rest_route=%2Fwp%2Fv2%2Ftags&post=879"}],"curies":[{"name":"wp","href":"https:\/\/api.w.org\/{rel}","templated":true}]}}