{"id":877,"date":"2013-01-12T00:28:03","date_gmt":"2013-01-11T23:28:03","guid":{"rendered":"https:\/\/musikdrucke.iaml-deutschland.info\/?p=877"},"modified":"2019-06-27T14:04:44","modified_gmt":"2019-06-27T13:04:44","slug":"durr-und-weber-leipzig","status":"publish","type":"post","link":"https:\/\/musikdrucke.iaml-deutschland.info\/?p=877","title":{"rendered":"D\u00fcrr &#038; Weber (Leipzig)"},"content":{"rendered":"<p>Verleger<\/p>\n<h1><strong><a name=\"Inhaltsverzeichnis\"><\/a><\/strong>Inhaltsverzeichnis<\/h1>\n<ol>\n<li><a href=\"#Geschichte\">Geschichte<\/a>\n<ol>\n<li><a href=\"#Eckdaten\">Eckdaten<\/a><\/li>\n<li><a href=\"#Wechsel_von_Eigentuemer\">Wechsel von Eigent\u00fcmer, Namensform, Rechtsform<\/a><\/li>\n<li><a href=\"#Adressen\">Adressen und Dependancen<\/a><\/li>\n<li><a href=\"#Zusammenarbeit_drucker\">Zusammenarbeit mit Druckern<\/a><\/li>\n<li><a href=\"#Verlagsuebernahmen\">Verlags\u00fcbernahmen<\/a><\/li>\n<li><a href=\"#Editionen\">Editionen des Verlages<\/a><\/li>\n<li><a href=\"#Kooperation_Verlag\">Kooperation mit anderen Verlagen<\/a><\/li>\n<li><a href=\"#Sonstiges\">Sonstiges<\/a><\/li>\n<\/ol>\n<\/li>\n<li><a href=\"#verwendete_Primaerquellen\">Verwendete Prim\u00e4rquellen<\/a><\/li>\n<li><a href=\"#Ausgabengestaltung\">Charakteristika der Ausgabengestaltung<\/a><\/li>\n<li><a href=\"#Plattennummern\">Plattennummern<\/a><\/li>\n<li><a href=\"#Kontakt\">Kontakt<\/a><\/li>\n<\/ol>\n<h1 id=\"Geschichte\"><a name=\"Geschichte\"><\/a>1. Geschichte <a href=\"#Inhaltsverzeichnis\">\u2191<\/a><\/h1>\n<p>Angaben nach: <a href=\"#verwendete_Primaerquellen\">Verwendete Prim\u00e4rquellen<\/a> (falls nicht anders vermerkt)<\/p>\n<h2><a name=\"Eckdaten\"><\/a>1.1 Eckdaten <a href=\"#Inhaltsverzeichnis\">\u2191<\/a><\/h2>\n<table style=\"width: 100%;\" border=\"0\">\n<tbody>\n<tr>\n<td style=\"width: 27%;\"><strong>Datum<\/strong><\/td>\n<td style=\"width: 73%;\"><strong>Ereignis<\/strong><\/td>\n<\/tr>\n<tr>\n<td>15. M\u00e4rz 1919<\/td>\n<td>Gr\u00fcndung der Firma (<a href=\"#verwendete_Primaerquellen\">B\u00f6rsenverein der Deutschen Buchh\u00e4ndler zu Leipzig (I)<\/a>)<\/td>\n<\/tr>\n<tr>\n<td>01. Januar 1929<\/td>\n<td>Gr\u00fcndung der Firma &#8222;D\u00fcrr &amp; Weber&#8220; in Leipzig<\/td>\n<\/tr>\n<tr>\n<td>1952<\/td>\n<td>Die Firma ist erloschen<\/td>\n<\/tr>\n<\/tbody>\n<\/table>\n<h2><a name=\"Wechsel_von_Eigentuemer\"><\/a>1.2 Wechsel von Eigent\u00fcmer, Namensform, Rechtsform <a href=\"#Inhaltsverzeichnis\">\u2191<\/a><\/h2>\n<table style=\"width: 100%;\" border=\"0\">\n<tbody>\n<tr>\n<td style=\"width: 27%;\"><strong>Datum<\/strong><\/td>\n<td style=\"width: 73%;\"><strong>Ereignis<\/strong><\/td>\n<\/tr>\n<tr>\n<td>01. Januar 1929<\/td>\n<td>Errichtung einer offenen Handelsgesellschaft<br \/>\nGesellschafter sind Elisabeth (Else) Pauline Bertha, verh. D\u00fcrr, geb. Gontard und der Verlagsbuchh\u00e4ndler Johannes Friedrich Andreas Adolph Otto D\u00fcrr<br \/>\nProkura ist dem Verlagsdirektor Kurt Joseph Hau\u00dfmann erteilt<\/td>\n<\/tr>\n<tr>\n<td>1939<\/td>\n<td>Prokura wird Max K\u00f6nigsheim erteilt (<a href=\"#verwendete_Primaerquellen\">B\u00f6rsenverein der Deutschen Buchh\u00e4ndler zu Leipzig (I)<\/a>)<\/td>\n<\/tr>\n<tr>\n<td>27. Januar 1944<\/td>\n<td>Else D\u00fcrr verstirbt (<a href=\"#verwendete_Primaerquellen\">B\u00f6rsenverein der Deutschen Buchh\u00e4ndler zu Leipzig (I)<\/a>)<\/td>\n<\/tr>\n<tr>\n<td>1945<\/td>\n<td>Aufl\u00f6sung der Handelsgesellschaft<br \/>\nJohannes Friedrich Andreas Adolph Otto D\u00fcrr ist nunmehr Alleininhaber<br \/>\nMartina vhl. D\u00fcrr, geb. Cramer und Margarethe Martha Elsa led. Heise ist die Prokura erteilt<\/td>\n<\/tr>\n<tr>\n<td>1947<\/td>\n<td>Errichtung einer Zweigniederlassung in K\u00f6then\/Anhalt unter dem Namen &#8222;D\u00fcrr &amp; Weber, Zweigniederlassung K\u00f6then\/Anhalt&#8220;<br \/>\nFrau Marianne verehel. Weber, geb. Cramer, ist auch f\u00fcr die Zweigniederlassung die Einzelprokura erteilt<\/td>\n<\/tr>\n<tr>\n<td>1947<\/td>\n<td>Erwerb des Gesch\u00e4fts durch den Verlagsbuchh\u00e4ndler Horst Weber<br \/>\nDie Prokuren von Kurt Joseph Hausmann, Martina vhl D\u00fcrr, geb. Cramer und von Martha Elsa led. Heise sind erloschen<br \/>\nEinzelprokuristin ist Marianne verehl. Weber, geb. Cramer<\/td>\n<\/tr>\n<tr>\n<td>1952<\/td>\n<td>Die Firma ist erloschen<\/td>\n<\/tr>\n<\/tbody>\n<\/table>\n<h2 id=\"Adressen_und_Dependancen_\"><a name=\"Adressen\"><\/a>1.3 Adressen und Dependancen <a href=\"#Inhaltsverzeichnis\">\u2191<\/a><\/h2>\n<table style=\"width: 100%;\" border=\"0\">\n<tbody>\n<tr>\n<td style=\"width: 27%;\"><strong>Datum<\/strong><\/td>\n<td style=\"width: 73%;\"><strong>Ereignis<\/strong><\/td>\n<\/tr>\n<tr>\n<td>?<\/td>\n<td>Leipzig, Querstr. 14 (<a href=\"#verwendete_Primaerquellen\">B\u00f6rsenverein der Deutschen Buchh\u00e4ndler zu Leipzig (I)<\/a>)<\/td>\n<\/tr>\n<tr>\n<td>1944<\/td>\n<td>Leipzig, Schichtstr. 2 (<a href=\"#verwendete_Primaerquellen\">B\u00f6rsenverein der Deutschen Buchh\u00e4ndler zu Leipzig (I)<\/a>)<\/td>\n<\/tr>\n<tr>\n<td>?<\/td>\n<td>Leipzig, Gottschedstr. 8 (<a href=\"#verwendete_Primaerquellen\">B\u00f6rsenverein der Deutschen Buchh\u00e4ndler zu Leipzig (I)<\/a>)<\/td>\n<\/tr>\n<tr>\n<td>1947<\/td>\n<td>Leipzig, Liviastr. 6<\/td>\n<\/tr>\n<tr>\n<td>ab 1948<\/td>\n<td>Zweigniederlassung in K\u00f6then, Langestr. 45<\/td>\n<\/tr>\n<\/tbody>\n<\/table>\n<h2><a name=\"Zusammenarbeit_drucker\"><\/a>1.4 Zusammenarbeit mit Druckern <strong><a href=\"#Inhaltsverzeichnis\"><strong>\u2191<\/strong><\/a><\/strong><\/h2>\n<h2 id=\"Verlags_bernahmen_\"><a name=\"Verlagsuebernahmen\"><\/a>1.5 Verlags\u00fcbernahmen <a href=\"#Inhaltsverzeichnis\">\u2191<\/a><\/h2>\n<h2 id=\"Editionen_des_Verlages_\"><a name=\"Editionen\"><\/a>1.6 Editionen des Verlages <a href=\"#Inhaltsverzeichnis\">\u2191<\/a><\/h2>\n<h2><a name=\"Kooperation_Verlag\"><\/a>1.7 Kooperation mit anderen Verlagen <a href=\"#Inhaltsverzeichnis\">\u2191<\/a><\/h2>\n<ul>\n<li>&#8222;Hegel &amp; Schade&#8220; und &#8222;D\u00fcrr &amp; Weber&#8220; sind Nebenfirmen der <a href=\"?p=879\">D\u00fcrr\u2019schen Buchhandlung<\/a> (<a href=\"#verwendete_Primaerquellen\">B\u00f6rsenverein der Deutschen Buchh\u00e4ndler zu Leipzig (I)<\/a>)<\/li>\n<\/ul>\n<h2><a name=\"Sonstiges\"><\/a>1.8 Sonstiges <a href=\"#Inhaltsverzeichnis\">\u2191<\/a><\/h2>\n<ul>\n<li>Haupts\u00e4chlicher Gesch\u00e4ftszweig: Verlag popul\u00e4rwissenschaftlicher Schriften (<a href=\"#verwendete_Primaerquellen\">B\u00f6rsenverein der Deutschen Buchh\u00e4ndler zu Leipzig (I)<\/a>)<\/li>\n<\/ul>\n<h1 id=\"Verwendete_Prim_rquellen_\"><a name=\"verwendete_Primaerquellen\"><\/a>2. Verwendete Prim\u00e4rquellen <a href=\"#Inhaltsverzeichnis\">\u2191<\/a><\/h1>\n<p>S\u00e4chsisches Staatsarchiv, Staatsarchiv Leipzig, 20124 Amtsgericht Leipzig, Handelsregisterakten HRA 5445 (enth. au\u00dferdem: HR 26141)<\/p>\n<p>S\u00e4chsisches Staatsarchiv, Staatsarchiv Leipzig, 21765 B\u00f6rsenverein der Deutschen Buchh\u00e4ndler zu Leipzig (I), Nr. F 2207<\/p>\n<h1><a name=\"Ausgabengestaltung\"><\/a>3. Charakteristika der Ausgabengestaltung <a href=\"#Inhaltsverzeichnis\">\u2191<\/a><\/h1>\n<h1><a name=\"Plattennummern\"><\/a>4. Plattennummern <a href=\"#Inhaltsverzeichnis\">\u2191<\/a><\/h1>\n<h1><a name=\"Kontakt\"><\/a>5. Kontakt <a href=\"#Inhaltsverzeichnis\">\u2191<\/a><\/h1>\n","protected":false},"excerpt":{"rendered":"<p>Verleger Inhaltsverzeichnis Geschichte Eckdaten Wechsel von Eigent\u00fcmer, Namensform, Rechtsform Adressen und Dependancen Zusammenarbeit mit Druckern Verlags\u00fcbernahmen Editionen des Verlages Kooperation mit anderen Verlagen Sonstiges Verwendete Prim\u00e4rquellen Charakteristika der Ausgabengestaltung Plattennummern Kontakt 1. Geschichte \u2191 Angaben nach: Verwendete Prim\u00e4rquellen (falls nicht anders vermerkt) 1.1 Eckdaten \u2191 Datum Ereignis 15. M\u00e4rz 1919 Gr\u00fcndung der Firma (B\u00f6rsenverein der &hellip; <\/p>\n<p class=\"link-more\"><a href=\"https:\/\/musikdrucke.iaml-deutschland.info\/?p=877\" class=\"more-link\">Lies den gesamten Beitrag &rarr;<span class=\"screen-reader-text\">\u201eD\u00fcrr &#038; Weber (Leipzig)\u201c<\/span><\/a><\/p>\n","protected":false},"author":3,"featured_media":0,"comment_status":"open","ping_status":"open","sticky":false,"template":"","format":"standard","meta":{"footnotes":""},"categories":[3],"tags":[28],"class_list":["post-877","post","type-post","status-publish","format-standard","hentry","category-leipzig","tag-leipzig"],"_links":{"self":[{"href":"https:\/\/musikdrucke.iaml-deutschland.info\/index.php?rest_route=\/wp\/v2\/posts\/877","targetHints":{"allow":["GET"]}}],"collection":[{"href":"https:\/\/musikdrucke.iaml-deutschland.info\/index.php?rest_route=\/wp\/v2\/posts"}],"about":[{"href":"https:\/\/musikdrucke.iaml-deutschland.info\/index.php?rest_route=\/wp\/v2\/types\/post"}],"author":[{"embeddable":true,"href":"https:\/\/musikdrucke.iaml-deutschland.info\/index.php?rest_route=\/wp\/v2\/users\/3"}],"replies":[{"embeddable":true,"href":"https:\/\/musikdrucke.iaml-deutschland.info\/index.php?rest_route=%2Fwp%2Fv2%2Fcomments&post=877"}],"version-history":[{"count":12,"href":"https:\/\/musikdrucke.iaml-deutschland.info\/index.php?rest_route=\/wp\/v2\/posts\/877\/revisions"}],"predecessor-version":[{"id":6176,"href":"https:\/\/musikdrucke.iaml-deutschland.info\/index.php?rest_route=\/wp\/v2\/posts\/877\/revisions\/6176"}],"wp:attachment":[{"href":"https:\/\/musikdrucke.iaml-deutschland.info\/index.php?rest_route=%2Fwp%2Fv2%2Fmedia&parent=877"}],"wp:term":[{"taxonomy":"category","embeddable":true,"href":"https:\/\/musikdrucke.iaml-deutschland.info\/index.php?rest_route=%2Fwp%2Fv2%2Fcategories&post=877"},{"taxonomy":"post_tag","embeddable":true,"href":"https:\/\/musikdrucke.iaml-deutschland.info\/index.php?rest_route=%2Fwp%2Fv2%2Ftags&post=877"}],"curies":[{"name":"wp","href":"https:\/\/api.w.org\/{rel}","templated":true}]}}