{"id":685,"date":"2013-01-02T15:54:31","date_gmt":"2013-01-02T14:54:31","guid":{"rendered":"https:\/\/musikdrucke.iaml-deutschland.info\/?p=685"},"modified":"2016-05-18T09:57:11","modified_gmt":"2016-05-18T08:57:11","slug":"leuckart-f-e-c-munchen","status":"publish","type":"post","link":"https:\/\/musikdrucke.iaml-deutschland.info\/?p=685","title":{"rendered":"Leuckart, F. E. C. (M\u00fcnchen)"},"content":{"rendered":"<p>Verleger<\/p>\n<p><strong><a name=\"Inhaltsverzeichnis\"><\/a><\/strong><\/p>\n<p>&nbsp;<\/p>\n<h1><strong>Inhaltsverzeichnis<\/strong><\/h1>\n<ol>\n<li><a href=\"#Geschichte\">Geschichte<\/a>\n<ol>\n<li><a href=\"#Eckdaten\">Eckdaten<\/a><\/li>\n<li><a href=\"#Wechsel_von_Eigentuemer\">Wechsel von Eigent\u00fcmer, Namensform, Rechtsform<\/a><\/li>\n<li><a href=\"#Adressen\">Adressen und Dependancen<\/a><\/li>\n<li><a href=\"#Zusammenarbeit_drucker\">Zusammenarbeit mit Druckern<\/a><\/li>\n<li><a href=\"#Verlagsuebernahmen\">Verlags\u00fcbernahmen<\/a><\/li>\n<li><a href=\"#Editionen\">Editionen des Verlages<\/a><\/li>\n<li><a href=\"#Kooperation_Verlag\">Kooperation mit anderen Verlagen<\/a><\/li>\n<li><a href=\"#Sonstiges\">Sonstiges<\/a><\/li>\n<\/ol>\n<\/li>\n<li><a href=\"#verwendete_Primaerquellen\">Verwendete Prim\u00e4rquellen<\/a><\/li>\n<li><a href=\"#Ausgabengestaltung\">Charakteristika der Ausgabengestaltung<\/a><\/li>\n<li><a href=\"#Plattennummern\">Plattennummern<\/a><\/li>\n<li><a href=\"#Kontakt\">Kontakt<\/a><\/li>\n<\/ol>\n<p>&nbsp;<\/p>\n<h1 id=\"Geschichte\"><a name=\"Geschichte\"><\/a><\/h1>\n<h1>1. Geschichte\u00a0<a href=\"#Inhaltsverzeichnis\">\u2191<\/a><\/h1>\n<p>Angaben nach: <a href=\"#verwendete_Primaerquellen\">verwendete Prim\u00e4rquellen<\/a><\/p>\n<p>&nbsp;<\/p>\n<h2><a name=\"Eckdaten\"><\/a><\/h2>\n<h2>1.1 Eckdaten\u00a0<a href=\"#Inhaltsverzeichnis\">\u2191<\/a><\/h2>\n<table>\n<tbody>\n<tr>\n<td><strong>Datum<\/strong><\/td>\n<td colspan=\"4\"><strong>Ereignis<\/strong><\/td>\n<\/tr>\n<tr>\n<td>1948<\/td>\n<td colspan=\"3\">Der Verlag\u00a0F. E. C. Leuckart\u00a0wird in M\u00fcnchen (neu) aufgebaut (nach:\u00a0<a href=\"http:\/\/www.thomi-berg.de\/verlage\/leuckart_verlag.php\" target=\"_blank\" rel=\"external nofollow\">http:\/\/www.thomi-berg.de\/verlage\/leuckart_verlag.php<\/a>) &#8211; der Verlag\u00a0<a title=\"F. E. C. Leuckart (Leipzig)\" href=\"https:\/\/musikdrucke.iaml-deutschland.info\/?p=308\">F. E. C. Leuckart\u00a0in Leipzig<\/a>\u00a0besteht parallel dazu weiter<\/td>\n<\/tr>\n<\/tbody>\n<\/table>\n<p>&nbsp;<\/p>\n<p>&nbsp;<\/p>\n<h2><a name=\"Wechsel_von_Eigentuemer\"><\/a><\/h2>\n<h2>1.2 Wechsel von Eigent\u00fcmer, Namensform, Rechtsform\u00a0<a href=\"#Inhaltsverzeichnis\">\u2191<\/a><\/h2>\n<table>\n<tbody>\n<tr>\n<td><strong>Datum<\/strong><\/td>\n<td colspan=\"4\"><strong>Ereignis<\/strong><\/td>\n<\/tr>\n<tr>\n<td>ab 1948<\/td>\n<td colspan=\"3\">Erich Sander ist Inhaber (nach:\u00a0<a href=\"http:\/\/www.thomi-berg.de\/verlage\/leuckart_verlag.php\" target=\"_blank\" rel=\"external nofollow\">http:\/\/www.thomiberg.de\/verlage\/leuckart_verlag.php<\/a>)<\/td>\n<\/tr>\n<tr>\n<td>1. Januar 1956<\/td>\n<td colspan=\"3\">Beginn der Kommanditgesellschaft\u00a0F. E. C. Leuckart; Inhaber ist der Verleger Erich Sander; Einzelprokura ist Dr. Sasse Dietrich erteilt; Kommanditistin ist Alma Maria Sander<\/td>\n<\/tr>\n<tr>\n<td>M\u00e4rz\/April 1978<\/td>\n<td colspan=\"3\">Alma Maria Sander ist aus der Gesellschaft ausgeschieden, die Gesellschaft ist aufgel\u00f6st, Erich Sander ist nun Alleininhaber<\/td>\n<\/tr>\n<tr>\n<td>Juni 1982<\/td>\n<td colspan=\"3\">Einzelprokura ist Reinhard Hermann Grieshaber erteilt<\/td>\n<\/tr>\n<tr>\n<td>1983<\/td>\n<td colspan=\"3\">Marco Sander \u00fcbernimmt die Verlagsleitung (nach:\u00a0<a href=\"http:\/\/www.thomi-berg.de\/verlage\/leuckart_verlag.php\" target=\"_blank\" rel=\"external nofollow\">http:\/\/www.thomi-berg.de\/verlage\/leuckart_verlag.php<\/a>)<\/td>\n<\/tr>\n<tr>\n<td>1. Januar 1988<\/td>\n<td colspan=\"3\">Beginn einer offenen Handelsgesellschaft mit der Werbekauffrau Vera Sander und dem Musikverleger Marco Sander als pers\u00f6nlich haftende Gesellschafter<\/td>\n<\/tr>\n<\/tbody>\n<\/table>\n<p>&nbsp;<\/p>\n<p>&nbsp;<\/p>\n<h3 id=\"Adressen_und_Dependancen_\"><a name=\"Adressen\"><\/a><\/h3>\n<h2><strong>1.3 Adressen und Dependancen\u00a0<\/strong><a href=\"#Inhaltsverzeichnis\">\u2191<\/a><\/h2>\n<p>&nbsp;<\/p>\n<p>&nbsp;<\/p>\n<h3 id=\"Zusammenarbeit_mit_Druckern_\"><a name=\"Zusammenarbeit_drucker\"><\/a><\/h3>\n<h2><strong>1.4 Zusammenarbeit mit Druckern<\/strong>\u00a0<a href=\"#Inhaltsverzeichnis\">\u2191<\/a><\/h2>\n<p>&nbsp;<\/p>\n<p>&nbsp;<\/p>\n<h3 id=\"Verlags_bernahmen_\"><a name=\"Verlagsuebernahmen\"><\/a><\/h3>\n<h2><strong>1.5 Verlags\u00fcbernahmen<\/strong>\u00a0<a href=\"#Inhaltsverzeichnis\">\u2191<\/a><\/h2>\n<p>&nbsp;<\/p>\n<p>&nbsp;<\/p>\n<h1><a name=\"Editionen_des_Verlages\"><\/a><\/h1>\n<h2><strong>1.6 Editionen des Verlages<\/strong>\u00a0<a href=\"#Inhaltsverzeichnis\">\u2191<\/a><\/h2>\n<h3 id=\"Kooperation_mit_anderen_Verlagen_\"><\/h3>\n<p>&nbsp;<\/p>\n<p>&nbsp;<\/p>\n<h3><a name=\"Kooperation_Verlag\"><\/a><\/h3>\n<h2><strong>1.7 Kooperation mit anderen Verlagen<\/strong>\u00a0<a href=\"#Inhaltsverzeichnis\">\u2191<\/a><\/h2>\n<h3 id=\"Sonstiges_\"><\/h3>\n<p>&nbsp;<\/p>\n<p>&nbsp;<\/p>\n<h3><a name=\"Sonstiges\"><\/a><\/h3>\n<h2><strong>1.8 Sonstiges<\/strong>\u00a0<a href=\"#Inhaltsverzeichnis\">\u2191<\/a><\/h2>\n<ul>\n<li>Verlagsprogramm: E-Musik: Chor- u. sinfonische Orchestermusik, geistliche Musik, Vokal- u. Instrumentalmusik, Alte Musik (Reihe Leuckartiana) (nach:\u00a0<a href=\"http:\/\/www.miz.org\/details_3608_4016.html\" target=\"_blank\" rel=\"external nofollow\">http:\/\/www.miz.org\/details_3608_4016.html<\/a>)<\/li>\n<li>Auslieferung durch: E. Thomi-Berg, Planegg (nach:\u00a0<a href=\"http:\/\/www.miz.org\/details_3608_4016.html\" target=\"_blank\" rel=\"external nofollow\">http:\/\/www.miz.org\/details_3608_4016.html<\/a>)<\/li>\n<li>weitere &#8218;Leuckart&#8216;-Firmen:\u00a0<a title=\"F. E. C. Leuckart (Leipzig)\" href=\"https:\/\/musikdrucke.iaml-deutschland.info\/?p=308\">F. E. C. Leuckart\u00a0in Leipzig<\/a>\u00a0und\u00a0<a title=\"F. E. C. Leuckart Sortiment (Leipzig)\" href=\"https:\/\/musikdrucke.iaml-deutschland.info\/?p=679\">F. E. C. Leuckart Sortiment\u00a0in Leipzig<\/a><\/li>\n<\/ul>\n<p>&nbsp;<\/p>\n<p>&nbsp;<\/p>\n<h2 id=\"Verwendete_Prim_rquellen_\"><a name=\"verwendete_Primaerquellen\"><\/a><\/h2>\n<h1>2. Verwendete Prim\u00e4rquellen\u00a0<a href=\"#Inhaltsverzeichnis\">\u2191<\/a><\/h1>\n<ul>\n<li>S\u00e4chsisches Staatsarchiv, Staatsarchiv Leipzig, 20124 Amtsgericht Leipzig, Handelsregisterakten HRA 1113 (enth. au\u00dferdem: HR 2619)<\/li>\n<\/ul>\n<p>&nbsp;<\/p>\n<p><a name=\"Ausgabengestaltung\"><\/a><\/p>\n<h1>3. Charakteristika der Ausgabengestaltung<a href=\"#Inhaltsverzeichnis\">\u00a0<\/a><a href=\"#Inhaltsverzeichnis\">\u2191<\/a><\/h1>\n<h1 id=\"Charakteristika_der_Ausgabengestaltung_\"><\/h1>\n<p>&nbsp;<\/p>\n<p>&nbsp;<\/p>\n<p><a name=\"Plattennummern\"><\/a><\/p>\n<h1>4. Plattennummern\u00a0<a href=\"#Inhaltsverzeichnis\">\u2191<\/a><\/h1>\n<p><a href=\"http:\/\/imslp.org\/wiki\/Leuckart\" target=\"_blank\" rel=\"external nofollow\">Weitere Plattennummern (IMSLP)<\/a><br \/>\n&nbsp;<\/p>\n<p>&nbsp;<\/p>\n<h2 id=\"Kontakt_\"><a name=\"Kontakt\"><\/a><\/h2>\n<h1>5. Kontakt\u00a0<a href=\"#Inhaltsverzeichnis\">\u2191<\/a><\/h1>\n<p>Angaben nach\u00a0<a href=\"http:\/\/www.miz.org\/details_3608_4016.html\" target=\"_blank\" rel=\"external nofollow\">http:\/\/www.miz.org\/details_3608_4016.html<\/a><\/p>\n<p>Hausanschrift<br \/>\nF. E. C. Leuckart<br \/>\nRheingoldstr. 4<br \/>\n80639 M\u00fcnchen<\/p>\n<p>E-Mail und Telefon<br \/>\nTel.: (089) 173928<br \/>\nFax: (089) 176054<br \/>\n<a href=\"mailto:thomi-berg@t-online.de\" data-encode-name=\"thomi-berg\" data-encode-domain=\"t-online.de\">thomi-berg@t-online.de<\/a><\/p>\n<p>Link zur Website des Verlages<br \/>\n<a href=\"http:\/\/www.thomi-berg.de\/\" target=\"_blank\">http:\/\/www.thomi-berg.de<\/a><\/p>\n","protected":false},"excerpt":{"rendered":"<p>Verleger &nbsp; Inhaltsverzeichnis Geschichte Eckdaten Wechsel von Eigent\u00fcmer, Namensform, Rechtsform Adressen und Dependancen Zusammenarbeit mit Druckern Verlags\u00fcbernahmen Editionen des Verlages Kooperation mit anderen Verlagen Sonstiges Verwendete Prim\u00e4rquellen Charakteristika der Ausgabengestaltung Plattennummern Kontakt &nbsp; 1. Geschichte\u00a0\u2191 Angaben nach: verwendete Prim\u00e4rquellen &nbsp; 1.1 Eckdaten\u00a0\u2191 Datum Ereignis 1948 Der Verlag\u00a0F. E. C. Leuckart\u00a0wird in M\u00fcnchen (neu) aufgebaut (nach:\u00a0http:\/\/www.thomi-berg.de\/verlage\/leuckart_verlag.php) &hellip; <\/p>\n<p class=\"link-more\"><a href=\"https:\/\/musikdrucke.iaml-deutschland.info\/?p=685\" class=\"more-link\">Lies den gesamten Beitrag &rarr;<span class=\"screen-reader-text\">\u201eLeuckart, F. E. C. (M\u00fcnchen)\u201c<\/span><\/a><\/p>\n","protected":false},"author":8,"featured_media":0,"comment_status":"open","ping_status":"open","sticky":false,"template":"","format":"standard","meta":{"footnotes":""},"categories":[12],"tags":[35],"class_list":["post-685","post","type-post","status-publish","format-standard","hentry","category-muenchen","tag-muenchen"],"_links":{"self":[{"href":"https:\/\/musikdrucke.iaml-deutschland.info\/index.php?rest_route=\/wp\/v2\/posts\/685","targetHints":{"allow":["GET"]}}],"collection":[{"href":"https:\/\/musikdrucke.iaml-deutschland.info\/index.php?rest_route=\/wp\/v2\/posts"}],"about":[{"href":"https:\/\/musikdrucke.iaml-deutschland.info\/index.php?rest_route=\/wp\/v2\/types\/post"}],"author":[{"embeddable":true,"href":"https:\/\/musikdrucke.iaml-deutschland.info\/index.php?rest_route=\/wp\/v2\/users\/8"}],"replies":[{"embeddable":true,"href":"https:\/\/musikdrucke.iaml-deutschland.info\/index.php?rest_route=%2Fwp%2Fv2%2Fcomments&post=685"}],"version-history":[{"count":13,"href":"https:\/\/musikdrucke.iaml-deutschland.info\/index.php?rest_route=\/wp\/v2\/posts\/685\/revisions"}],"predecessor-version":[{"id":2612,"href":"https:\/\/musikdrucke.iaml-deutschland.info\/index.php?rest_route=\/wp\/v2\/posts\/685\/revisions\/2612"}],"wp:attachment":[{"href":"https:\/\/musikdrucke.iaml-deutschland.info\/index.php?rest_route=%2Fwp%2Fv2%2Fmedia&parent=685"}],"wp:term":[{"taxonomy":"category","embeddable":true,"href":"https:\/\/musikdrucke.iaml-deutschland.info\/index.php?rest_route=%2Fwp%2Fv2%2Fcategories&post=685"},{"taxonomy":"post_tag","embeddable":true,"href":"https:\/\/musikdrucke.iaml-deutschland.info\/index.php?rest_route=%2Fwp%2Fv2%2Ftags&post=685"}],"curies":[{"name":"wp","href":"https:\/\/api.w.org\/{rel}","templated":true}]}}