{"id":3133,"date":"2017-08-17T13:39:08","date_gmt":"2017-08-17T12:39:08","guid":{"rendered":"https:\/\/musikdrucke.iaml-deutschland.info\/?p=3133"},"modified":"2017-08-17T13:48:09","modified_gmt":"2017-08-17T12:48:09","slug":"felix-stoll-leipzig","status":"publish","type":"post","link":"https:\/\/musikdrucke.iaml-deutschland.info\/?p=3133","title":{"rendered":"Felix Stoll (Leipzig)"},"content":{"rendered":"<p>GND: <a href=\"http:\/\/d-nb.info\/gnd\/1072958651\" target=\"_blank\">1072958651<\/a><\/p>\n<p>Verleger<\/p>\n<p><strong><a name=\"Inhaltsverzeichnis\"><\/a><\/strong><\/p>\n<h1><strong>Inhaltsverzeichnis<\/strong><\/h1>\n<ol>\n<li><a href=\"#Geschichte\">Geschichte<\/a>\n<ol>\n<li><a href=\"#Eckdaten\">Eckdaten<\/a><\/li>\n<li><a href=\"#Wechsel_von_Eigentuemer\">Wechsel von Eigent\u00fcmer, Namensform, Rechtsform<\/a><\/li>\n<li><a href=\"#Adressen\">Adressen und Dependancen<\/a><\/li>\n<li><a href=\"#Zusammenarbeit_drucker\">Zusammenarbeit mit Druckern<\/a><\/li>\n<li><a href=\"#Verlagsuebernahmen\">Verlags\u00fcbernahmen<\/a><\/li>\n<li><a href=\"#Editionen\">Editionen des Verlages<\/a><\/li>\n<li><a href=\"#Kooperation_Verlag\">Kooperation mit anderen Verlagen<\/a><\/li>\n<li><a href=\"#Sonstiges\">Sonstiges<\/a><\/li>\n<\/ol>\n<\/li>\n<li><a href=\"#verwendete_Primaerquellen\">Verwendete Prim\u00e4rquellen<\/a><\/li>\n<li><a href=\"#Ausgabengestaltung\">Charakteristika der Ausgabengestaltung<\/a><\/li>\n<li><a href=\"#Plattennummern\">Plattennummern<\/a><\/li>\n<li><a href=\"#Kontakt\">Kontakt<\/a><\/li>\n<\/ol>\n<h1 id=\"Geschichte\"><a name=\"Geschichte\"><\/a><\/h1>\n<h1>1. Geschichte <a href=\"#Inhaltsverzeichnis\">\u2191<\/a><\/h1>\n<p>Angaben nach:\u00a0<a href=\"https:\/\/musikdrucke.iaml-deutschland.info\/?p=3133#verwendete_Primaerquellen\"><em>Verwendete Prim\u00e4rquellen<\/em><\/a><\/p>\n<h2><a name=\"Eckdaten\"><\/a><\/h2>\n<h2>1.1 Eckdaten\u00a0<a href=\"#Inhaltsverzeichnis\">\u2191<\/a><\/h2>\n<table style=\"width: 584.533px;\" border=\"0\">\n<tbody>\n<tr style=\"height: 24.4667px;\">\n<td style=\"width: 136px; height: 24.4667px;\"><strong>Datum<\/strong><\/td>\n<td style=\"width: 428.533px; height: 24.4667px;\"><strong>Ereignis<\/strong><\/td>\n<\/tr>\n<tr style=\"height: 24.4667px;\">\n<td style=\"width: 136px; height: 24.4667px;\">01.05.1872<\/td>\n<td style=\"width: 428.533px; height: 24.4667px;\">Die Firma wird gegr\u00fcndet.<\/td>\n<\/tr>\n<tr style=\"height: 24.4667px;\">\n<td style=\"width: 136px; height: 24.4667px;\">14.09.1950<\/td>\n<td style=\"width: 428.533px; height: 24.4667px;\">Die Gesellschaft ist aufgel\u00f6st und die Firma ist erloschen<\/td>\n<\/tr>\n<\/tbody>\n<\/table>\n<h2><a name=\"Wechsel_von_Eigentuemer\"><\/a><\/h2>\n<h2>1.2 Wechsel von Eigent\u00fcmer, Namensform, Rechtsform\u00a0<a href=\"#Inhaltsverzeichnis\">\u2191<\/a><\/h2>\n<table style=\"width: 584px;\" border=\"0\">\n<tbody>\n<tr style=\"height: 24px;\">\n<td style=\"width: 133px; height: 24px;\"><strong>Datum<\/strong><\/td>\n<td style=\"width: 431px; height: 24px;\"><strong>Ereignis<\/strong><\/td>\n<\/tr>\n<tr style=\"height: 24px;\">\n<td style=\"width: 133px; height: 24px;\">20.07.1893<\/td>\n<td style=\"width: 431px; height: 24px;\">Otto Wilhelmy in Stuttgart ist Inhaber der Firma F. Stoll jr. in Leipzig.<\/td>\n<\/tr>\n<tr style=\"height: 24px;\">\n<td style=\"width: 133px; height: 24px;\">12.11.1895<\/td>\n<td style=\"width: 431px; height: 24px;\">Julius Eugen Strobel ist Kommanditist der Firma.<\/td>\n<\/tr>\n<tr style=\"height: 24px;\">\n<td style=\"width: 133px; height: 24px;\">31.05.1897<\/td>\n<td style=\"width: 431px; height: 24px;\">Otto Wilhelmy ist ausgeschieden. Clara Josephine Helene, verw. Wilhemy, geb. Heise, ist Mitinhaberin.<\/td>\n<\/tr>\n<tr style=\"height: 24px;\">\n<td style=\"width: 133px; height: 24px;\">14.01.1898<\/td>\n<td style=\"width: 431px; height: 24px;\">Julius Eugen Strobel ist nicht mehr Kommanditist, sondern offener Gesellschafter. Die Firma ist eine OHG.<\/td>\n<\/tr>\n<tr style=\"height: 24px;\">\n<td style=\"width: 133px; height: 24px;\">10.02.1923<\/td>\n<td style=\"width: 431px; height: 24px;\">In die Gesellschaft treten ein: Georg Otto Wilhelmy, Eugen Curt Strobel und Julius Otto Erbert Strobel.<\/td>\n<\/tr>\n<tr style=\"height: 24px;\">\n<td style=\"width: 133px; height: 24px;\">18.12.1925<\/td>\n<td style=\"width: 431px; height: 24px;\">Georg Otto Wilhelmy ist als Gesellschafter ausgeschieden. In die Gesellschaft treten ein: Maria Dora verw. Wilhelmy geb. Glaser, Otto Theodor Georg Wilhelmy und Marie Helene Leonore Wilhelmy.<\/td>\n<\/tr>\n<tr style=\"height: 24px;\">\n<td style=\"width: 133px; height: 24px;\">17.07.1928<\/td>\n<td style=\"width: 431px; height: 24px;\">Clara Josephine Helene, verw. Wilhelmy, geb. Heise ist ausgeschieden.<\/td>\n<\/tr>\n<\/tbody>\n<\/table>\n<h3 id=\"Adressen_und_Dependancen_\"><a name=\"Adressen\"><\/a><\/h3>\n<h2><strong>1.3 Adressen und Dependancen\u00a0<\/strong><a href=\"#Inhaltsverzeichnis\">\u2191<\/a><\/h2>\n<table style=\"width: 584.533px;\" border=\"0\">\n<tbody>\n<tr style=\"height: 24px;\">\n<td style=\"width: 136px; height: 24px;\"><strong>Datum<\/strong><\/td>\n<td style=\"width: 428.533px; height: 24px;\"><strong>Ereignis<\/strong><\/td>\n<\/tr>\n<tr style=\"height: 24px;\">\n<td style=\"width: 136px; height: 24px;\">1892 &#8211; 1893<\/td>\n<td style=\"width: 428.533px; height: 24px;\">Sitz in Stuttgart.<\/td>\n<\/tr>\n<tr style=\"height: 24px;\">\n<td style=\"width: 136px; height: 24px;\">20.07.1893 &#8211; ?<\/td>\n<td style=\"width: 428.533px; height: 24px;\">Sitz in Leipzig, Inselstra\u00dfe 6.<\/td>\n<\/tr>\n<tr style=\"height: 24px;\">\n<td style=\"width: 136px; height: 24px;\">? &#8211; 04.12.1943<\/td>\n<td style=\"width: 428.533px; height: 24px;\">Leipzig, Frommannstra\u00dfe 6<\/td>\n<\/tr>\n<tr style=\"height: 24px;\">\n<td style=\"width: 136px; height: 24px;\">04.12.1943 &#8211; 10.07.1945<\/td>\n<td style=\"width: 428.533px; height: 24px;\">Leipzig, Funkenburgstra\u00dfe 28<\/td>\n<\/tr>\n<tr style=\"height: 24px;\">\n<td style=\"width: 136px; height: 24px;\">10.07.1945 &#8211; 14.09.1950<\/td>\n<td style=\"width: 428.533px; height: 24px;\">Leipzig, Barfu\u00dfg\u00e4sschen 12<\/td>\n<\/tr>\n<\/tbody>\n<\/table>\n<p><a name=\"Zusammenarbeit_mit_Druckern\"><\/a><\/p>\n<h2><strong>1.4 Zusammenarbeit mit Druckern<\/strong>\u00a0<a href=\"#Inhaltsverzeichnis\">\u2191<\/a><\/h2>\n<h3 id=\"Verlags_bernahmen_\"><a name=\"Verlagsuebernahmen\"><\/a><\/h3>\n<h2><strong>1.5 Verlags\u00fcbernahmen<\/strong>\u00a0<a href=\"#Inhaltsverzeichnis\">\u2191<\/a><\/h2>\n<h3 id=\"Editionen_des_Verlages_\"><a name=\"Editionen\"><\/a><\/h3>\n<h2><strong>1.6 Editionen des Verlages<\/strong>\u00a0<a href=\"#Inhaltsverzeichnis\">\u2191<\/a><\/h2>\n<h3><a name=\"Kooperation_Verlag\"><\/a><\/h3>\n<h2><strong>1.7 Kooperation mit anderen Verlagen<\/strong>\u00a0<a href=\"#Inhaltsverzeichnis\">\u2191<\/a><\/h2>\n<h3><a name=\"Sonstiges\"><\/a><\/h3>\n<h2><strong>1.8 Sonstiges<\/strong>\u00a0<a href=\"#Inhaltsverzeichnis\">\u2191<\/a><\/h2>\n<h2 id=\"Verwendete_Prim_rquellen_\"><a name=\"verwendete_Primaerquellen\"><\/a><\/h2>\n<h1>2. Verwendete Prim\u00e4rquellen\u00a0<a href=\"#Inhaltsverzeichnis\">\u2191<\/a><\/h1>\n<p>S\u00e4chsisches Staatsarchiv, Staatsarchiv Leipzig, 21765 B\u00f6rsenverein der Deutschen Buchh\u00e4ndler zu Leipzig (I), Nr. F 08994<\/p>\n<p><a name=\"Ausgabengestaltung\"><\/a><\/p>\n<h1>3. Charakteristika der Ausgabengestaltung<a href=\"#Inhaltsverzeichnis\">\u00a0<\/a><a href=\"#Inhaltsverzeichnis\">\u2191<\/a><\/h1>\n<p><a name=\"Plattennummern\"><\/a><\/p>\n<h1>4. Plattennummern\u00a0<a href=\"#Inhaltsverzeichnis\">\u2191<\/a><\/h1>\n<h2 id=\"Kontakt_\"><a name=\"Kontakt\"><\/a><\/h2>\n<h1>5. Kontakt\u00a0<a href=\"#Inhaltsverzeichnis\">\u2191<\/a><\/h1>\n","protected":false},"excerpt":{"rendered":"<p>GND: 1072958651 Verleger Inhaltsverzeichnis Geschichte Eckdaten Wechsel von Eigent\u00fcmer, Namensform, Rechtsform Adressen und Dependancen Zusammenarbeit mit Druckern Verlags\u00fcbernahmen Editionen des Verlages Kooperation mit anderen Verlagen Sonstiges Verwendete Prim\u00e4rquellen Charakteristika der Ausgabengestaltung Plattennummern Kontakt 1. Geschichte \u2191 Angaben nach:\u00a0Verwendete Prim\u00e4rquellen 1.1 Eckdaten\u00a0\u2191 Datum Ereignis 01.05.1872 Die Firma wird gegr\u00fcndet. 14.09.1950 Die Gesellschaft ist aufgel\u00f6st und die &hellip; <\/p>\n<p class=\"link-more\"><a href=\"https:\/\/musikdrucke.iaml-deutschland.info\/?p=3133\" class=\"more-link\">Lies den gesamten Beitrag &rarr;<span class=\"screen-reader-text\">\u201eFelix Stoll (Leipzig)\u201c<\/span><\/a><\/p>\n","protected":false},"author":38,"featured_media":0,"comment_status":"open","ping_status":"open","sticky":false,"template":"","format":"standard","meta":{"footnotes":""},"categories":[1],"tags":[],"class_list":["post-3133","post","type-post","status-publish","format-standard","hentry","category-uncategorized"],"_links":{"self":[{"href":"https:\/\/musikdrucke.iaml-deutschland.info\/index.php?rest_route=\/wp\/v2\/posts\/3133","targetHints":{"allow":["GET"]}}],"collection":[{"href":"https:\/\/musikdrucke.iaml-deutschland.info\/index.php?rest_route=\/wp\/v2\/posts"}],"about":[{"href":"https:\/\/musikdrucke.iaml-deutschland.info\/index.php?rest_route=\/wp\/v2\/types\/post"}],"author":[{"embeddable":true,"href":"https:\/\/musikdrucke.iaml-deutschland.info\/index.php?rest_route=\/wp\/v2\/users\/38"}],"replies":[{"embeddable":true,"href":"https:\/\/musikdrucke.iaml-deutschland.info\/index.php?rest_route=%2Fwp%2Fv2%2Fcomments&post=3133"}],"version-history":[{"count":3,"href":"https:\/\/musikdrucke.iaml-deutschland.info\/index.php?rest_route=\/wp\/v2\/posts\/3133\/revisions"}],"predecessor-version":[{"id":3138,"href":"https:\/\/musikdrucke.iaml-deutschland.info\/index.php?rest_route=\/wp\/v2\/posts\/3133\/revisions\/3138"}],"wp:attachment":[{"href":"https:\/\/musikdrucke.iaml-deutschland.info\/index.php?rest_route=%2Fwp%2Fv2%2Fmedia&parent=3133"}],"wp:term":[{"taxonomy":"category","embeddable":true,"href":"https:\/\/musikdrucke.iaml-deutschland.info\/index.php?rest_route=%2Fwp%2Fv2%2Fcategories&post=3133"},{"taxonomy":"post_tag","embeddable":true,"href":"https:\/\/musikdrucke.iaml-deutschland.info\/index.php?rest_route=%2Fwp%2Fv2%2Ftags&post=3133"}],"curies":[{"name":"wp","href":"https:\/\/api.w.org\/{rel}","templated":true}]}}