{"id":3097,"date":"2017-05-16T14:54:29","date_gmt":"2017-05-16T13:54:29","guid":{"rendered":"https:\/\/musikdrucke.iaml-deutschland.info\/?p=3097"},"modified":"2017-05-16T15:06:00","modified_gmt":"2017-05-16T14:06:00","slug":"j-j-weber-leipzig","status":"publish","type":"post","link":"https:\/\/musikdrucke.iaml-deutschland.info\/?p=3097","title":{"rendered":"J. J. Weber (Leipzig)"},"content":{"rendered":"<p>GND: <a href=\"http:\/\/d-nb.info\/gnd\/5331728-2\" target=\"_blank\">5331728-2<\/a><\/p>\n<p>Verleger<\/p>\n<p><strong><a name=\"Inhaltsverzeichnis\"><\/a><\/strong><\/p>\n<h1><strong>Inhaltsverzeichnis<\/strong><\/h1>\n<ol>\n<li><a href=\"#Geschichte\">Geschichte<\/a>\n<ol>\n<li><a href=\"#Eckdaten\">Eckdaten<\/a><\/li>\n<li><a href=\"#Wechsel_von_Eigentuemer\">Wechsel von Eigent\u00fcmer, Namensform, Rechtsform<\/a><\/li>\n<li><a href=\"#Adressen\">Adressen und Dependancen<\/a><\/li>\n<li><a href=\"#Zusammenarbeit_drucker\">Zusammenarbeit mit Druckern<\/a><\/li>\n<li><a href=\"#Verlagsuebernahmen\">Verlags\u00fcbernahmen<\/a><\/li>\n<li><a href=\"#Editionen\">Editionen des Verlages<\/a><\/li>\n<li><a href=\"#Kooperation_Verlag\">Kooperation mit anderen Verlagen<\/a><\/li>\n<li><a href=\"#Sonstiges\">Sonstiges<\/a><\/li>\n<\/ol>\n<\/li>\n<li><a href=\"#verwendete_Primaerquellen\">Verwendete Prim\u00e4rquellen<\/a><\/li>\n<li><a href=\"#Ausgabengestaltung\">Charakteristika der Ausgabengestaltung<\/a><\/li>\n<li><a href=\"#Plattennummern\">Plattennummern<\/a><\/li>\n<li><a href=\"#Kontakt\">Kontakt<\/a><\/li>\n<\/ol>\n<h1 id=\"Geschichte\"><a name=\"Geschichte\"><\/a><\/h1>\n<h1>1. Geschichte <a href=\"#Inhaltsverzeichnis\">\u2191<\/a><\/h1>\n<p>Angaben nach:\u00a0<a href=\"https:\/\/musikdrucke.iaml-deutschland.info\/?p=3097#verwendete_Primaerquellen\">Verwendete Prim\u00e4rquellen<\/a><\/p>\n<h2><a name=\"Eckdaten\"><\/a><\/h2>\n<h2>1.1 Eckdaten\u00a0<a href=\"#Inhaltsverzeichnis\">\u2191<\/a><\/h2>\n<table style=\"width: 584.533px;\" border=\"0\">\n<tbody>\n<tr style=\"height: 24.4667px;\">\n<td style=\"width: 136px; height: 24.4667px;\"><strong>Datum<\/strong><\/td>\n<td style=\"width: 428.533px; height: 24.4667px;\"><strong>Ereignis<\/strong><\/td>\n<\/tr>\n<tr style=\"height: 24.4667px;\">\n<td style=\"width: 136px; height: 24.4667px;\">1834<\/td>\n<td style=\"width: 428.533px; height: 24.4667px;\">Johann Jacob Weber gr\u00fcndet den Verlag.<\/td>\n<\/tr>\n<tr style=\"height: 24.4667px;\">\n<td style=\"width: 136px; height: 24.4667px;\">1951<\/td>\n<td style=\"width: 428.533px; height: 24.4667px;\">Die Firma wird aus dem Handelsregister gel\u00f6scht.<\/td>\n<\/tr>\n<\/tbody>\n<\/table>\n<h2><a name=\"Wechsel_von_Eigentuemer\"><\/a><\/h2>\n<h2>1.2 Wechsel von Eigent\u00fcmer, Namensform, Rechtsform\u00a0<a href=\"#Inhaltsverzeichnis\">\u2191<\/a><\/h2>\n<table style=\"width: 584.533px;\" border=\"0\">\n<tbody>\n<tr style=\"height: 24px;\">\n<td style=\"width: 136px; height: 24px;\"><strong>Datum<\/strong><\/td>\n<td style=\"width: 428.533px; height: 24px;\"><strong>Ereignis<\/strong><\/td>\n<\/tr>\n<tr style=\"height: 24px;\">\n<td style=\"width: 136px; height: 24px;\">1834-1880<\/td>\n<td style=\"width: 428.533px; height: 24px;\">Johann Jacob Weber ist Inhaber der Firma.<\/td>\n<\/tr>\n<tr style=\"height: 24px;\">\n<td style=\"width: 136px; height: 24px;\">1880-1889<\/td>\n<td style=\"width: 428.533px; height: 24px;\">Die S\u00f6hne, Johannes Weber, Hermann Weber und Felix Weber f\u00fchren das Unternehmen nach dem Tod ihres Vaters weiter.<\/td>\n<\/tr>\n<tr style=\"height: 24px;\">\n<td style=\"width: 136px; height: 24px;\">1889-1896<\/td>\n<td style=\"width: 428.533px; height: 24px;\">Felix Weber f\u00fchrt das Unternehmen nach dem Tod seiner Br\u00fcder weiter.<\/td>\n<\/tr>\n<tr style=\"height: 24px;\">\n<td style=\"width: 136px; height: 24px;\">1896-1906<\/td>\n<td style=\"width: 428.533px; height: 24px;\">Felix Weber wird von seinem Neffen, Johann Weber als Teilhaber unterst\u00fctzt.<\/td>\n<\/tr>\n<tr style=\"height: 24px;\">\n<td style=\"width: 136px; height: 24px;\">1907-1938<\/td>\n<td style=\"width: 428.533px; height: 24px;\">Die S\u00f6hne Felix Webers, Wolfgang Weber und Siegfried Weber f\u00fchren das Unternehmen als pers\u00f6nlich haftende Gesellschafter als eine OHG fort.<\/td>\n<\/tr>\n<tr style=\"height: 24px;\">\n<td style=\"width: 136px; height: 24px;\">ab 1938<\/td>\n<td style=\"width: 428.533px; height: 24px;\">Siegfried Weber f\u00fchrt die Firma alleine weiter.<\/td>\n<\/tr>\n<tr style=\"height: 24.9834px;\">\n<td style=\"width: 136px; height: 24.9834px;\">1948<\/td>\n<td style=\"width: 428.533px; height: 24.9834px;\">Erfolgt die Enteignung und Kommunalisierung des Unternehmens.<\/td>\n<\/tr>\n<tr style=\"height: 24px;\">\n<td style=\"width: 136px; height: 24px;\">1949<\/td>\n<td style=\"width: 428.533px; height: 24px;\">Firmierung unter der Bezeichnung: &#8222;KWU Leipzig (Kommunal-Wirtschafts-Unternehmen der Stadt Leipzig), Graphische Kunstanstalten Leipzig&#8220;<\/td>\n<\/tr>\n<\/tbody>\n<\/table>\n<h3 id=\"Adressen_und_Dependancen_\"><a name=\"Adressen\"><\/a><\/h3>\n<h2><strong>1.3 Adressen und Dependancen\u00a0<\/strong><a href=\"#Inhaltsverzeichnis\">\u2191<\/a><\/h2>\n<table style=\"width: 584.533px;\" border=\"0\">\n<tbody>\n<tr style=\"height: 24px;\">\n<td style=\"width: 136px; height: 24px;\"><strong>Datum<\/strong><\/td>\n<td style=\"width: 428.533px; height: 24px;\"><strong>Ereignis<\/strong><\/td>\n<\/tr>\n<tr style=\"height: 24px;\">\n<td style=\"width: 136px; height: 24px;\">1884-1905<\/td>\n<td style=\"width: 428.533px; height: 24px;\">Filiale in Berlin, Linkstra\u00dfe 20<\/td>\n<\/tr>\n<tr style=\"height: 24px;\">\n<td style=\"width: 136px; height: 24px;\">\u00a0&lt; Dez.1943<\/td>\n<td style=\"width: 428.533px; height: 24px;\">Leipzig, Reudnitzer Stra\u00dfe 1-7<\/td>\n<\/tr>\n<tr style=\"height: 24px;\">\n<td style=\"width: 136px; height: 24px;\">1949<\/td>\n<td style=\"width: 428.533px; height: 24px;\">Leipzig, Hans-Poeche-Stra\u00dfe 2-4<\/td>\n<\/tr>\n<\/tbody>\n<\/table>\n<p><a name=\"Zusammenarbeit_mit_Druckern\"><\/a><\/p>\n<h2><strong>1.4 Zusammenarbeit mit Druckern<\/strong>\u00a0<a href=\"#Inhaltsverzeichnis\">\u2191<\/a><\/h2>\n<h3 id=\"Verlags_bernahmen_\"><a name=\"Verlagsuebernahmen\"><\/a><\/h3>\n<h2><strong>1.5 Verlags\u00fcbernahmen<\/strong>\u00a0<a href=\"#Inhaltsverzeichnis\">\u2191<\/a><\/h2>\n<h3 id=\"Editionen_des_Verlages_\"><a name=\"Editionen\"><\/a><\/h3>\n<h2><strong>1.6 Editionen des Verlages<\/strong>\u00a0<a href=\"#Inhaltsverzeichnis\">\u2191<\/a><\/h2>\n<h3><a name=\"Kooperation_Verlag\"><\/a><\/h3>\n<h2><strong>1.7 Kooperation mit anderen Verlagen<\/strong>\u00a0<a href=\"#Inhaltsverzeichnis\">\u2191<\/a><\/h2>\n<h3><a name=\"Sonstiges\"><\/a><\/h3>\n<h2><strong>1.8 Sonstiges<\/strong>\u00a0<a href=\"#Inhaltsverzeichnis\">\u2191<\/a><\/h2>\n<h2 id=\"Verwendete_Prim_rquellen_\"><a name=\"verwendete_Primaerquellen\"><\/a><\/h2>\n<h1>2. Verwendete Prim\u00e4rquellen\u00a0<a href=\"#Inhaltsverzeichnis\">\u2191<\/a><\/h1>\n<p><a name=\"Ausgabengestaltung\"><\/a>S\u00e4chsisches Staatsarchiv, Staatsarchiv Leipzig, 20124 Amtsgericht Leipzig, Handelsregisterakten HRA 1518<\/p>\n<h1>3. Charakteristika der Ausgabengestaltung<a href=\"#Inhaltsverzeichnis\">\u00a0<\/a><a href=\"#Inhaltsverzeichnis\">\u2191<\/a><\/h1>\n<p><a name=\"Plattennummern\"><\/a><\/p>\n<h1>4. Plattennummern\u00a0<a href=\"#Inhaltsverzeichnis\">\u2191<\/a><\/h1>\n<table style=\"width: 584px;\" border=\"0\">\n<tbody>\n<tr style=\"height: 24px;\">\n<td style=\"width: 136px; height: 24px;\"><strong>Pr\u00e4fix<\/strong><\/td>\n<td style=\"width: 428px; height: 24px;\"><strong>Plattennummer<\/strong><\/td>\n<td style=\"width: 427.05px; height: 24px;\"><strong>Jahr<\/strong><\/td>\n<td style=\"width: 426.95px; height: 24px;\"><strong>Kommentar<\/strong><\/td>\n<\/tr>\n<tr style=\"height: 24px;\">\n<td style=\"width: 136px; height: 24px;\"><\/td>\n<td style=\"width: 428px; height: 24px;\"><\/td>\n<td style=\"width: 427.05px; height: 24px;\"><\/td>\n<td style=\"width: 426.95px; height: 24px;\"><\/td>\n<\/tr>\n<\/tbody>\n<\/table>\n<h2 id=\"Kontakt_\"><a name=\"Kontakt\"><\/a><\/h2>\n<h1>5. Kontakt\u00a0<a href=\"#Inhaltsverzeichnis\">\u2191<\/a><\/h1>\n","protected":false},"excerpt":{"rendered":"<p>GND: 5331728-2 Verleger Inhaltsverzeichnis Geschichte Eckdaten Wechsel von Eigent\u00fcmer, Namensform, Rechtsform Adressen und Dependancen Zusammenarbeit mit Druckern Verlags\u00fcbernahmen Editionen des Verlages Kooperation mit anderen Verlagen Sonstiges Verwendete Prim\u00e4rquellen Charakteristika der Ausgabengestaltung Plattennummern Kontakt 1. Geschichte \u2191 Angaben nach:\u00a0Verwendete Prim\u00e4rquellen 1.1 Eckdaten\u00a0\u2191 Datum Ereignis 1834 Johann Jacob Weber gr\u00fcndet den Verlag. 1951 Die Firma wird aus &hellip; <\/p>\n<p class=\"link-more\"><a href=\"https:\/\/musikdrucke.iaml-deutschland.info\/?p=3097\" class=\"more-link\">Lies den gesamten Beitrag &rarr;<span class=\"screen-reader-text\">\u201eJ. J. Weber (Leipzig)\u201c<\/span><\/a><\/p>\n","protected":false},"author":38,"featured_media":0,"comment_status":"open","ping_status":"open","sticky":false,"template":"","format":"standard","meta":{"footnotes":""},"categories":[1],"tags":[],"class_list":["post-3097","post","type-post","status-publish","format-standard","hentry","category-uncategorized"],"_links":{"self":[{"href":"https:\/\/musikdrucke.iaml-deutschland.info\/index.php?rest_route=\/wp\/v2\/posts\/3097","targetHints":{"allow":["GET"]}}],"collection":[{"href":"https:\/\/musikdrucke.iaml-deutschland.info\/index.php?rest_route=\/wp\/v2\/posts"}],"about":[{"href":"https:\/\/musikdrucke.iaml-deutschland.info\/index.php?rest_route=\/wp\/v2\/types\/post"}],"author":[{"embeddable":true,"href":"https:\/\/musikdrucke.iaml-deutschland.info\/index.php?rest_route=\/wp\/v2\/users\/38"}],"replies":[{"embeddable":true,"href":"https:\/\/musikdrucke.iaml-deutschland.info\/index.php?rest_route=%2Fwp%2Fv2%2Fcomments&post=3097"}],"version-history":[{"count":4,"href":"https:\/\/musikdrucke.iaml-deutschland.info\/index.php?rest_route=\/wp\/v2\/posts\/3097\/revisions"}],"predecessor-version":[{"id":3102,"href":"https:\/\/musikdrucke.iaml-deutschland.info\/index.php?rest_route=\/wp\/v2\/posts\/3097\/revisions\/3102"}],"wp:attachment":[{"href":"https:\/\/musikdrucke.iaml-deutschland.info\/index.php?rest_route=%2Fwp%2Fv2%2Fmedia&parent=3097"}],"wp:term":[{"taxonomy":"category","embeddable":true,"href":"https:\/\/musikdrucke.iaml-deutschland.info\/index.php?rest_route=%2Fwp%2Fv2%2Fcategories&post=3097"},{"taxonomy":"post_tag","embeddable":true,"href":"https:\/\/musikdrucke.iaml-deutschland.info\/index.php?rest_route=%2Fwp%2Fv2%2Ftags&post=3097"}],"curies":[{"name":"wp","href":"https:\/\/api.w.org\/{rel}","templated":true}]}}